{"id":495,"date":"2017-11-20T16:23:00","date_gmt":"2017-11-20T15:23:00","guid":{"rendered":"http:\/\/neu.hakomi-austria.at\/home\/?p=495"},"modified":"2019-05-21T21:34:47","modified_gmt":"2019-05-21T19:34:47","slug":"supervisionstag-2018","status":"publish","type":"post","link":"https:\/\/neu.hakomi-austria.at\/home\/supervisionstag-2018\/","title":{"rendered":"Supervisionstag 2018"},"content":{"rendered":"<div class=\"fusion-fullwidth fullwidth-box fusion-builder-row-1 nonhundred-percent-fullwidth non-hundred-percent-height-scrolling\" style=\"--awb-border-radius-top-left:0px;--awb-border-radius-top-right:0px;--awb-border-radius-bottom-right:0px;--awb-border-radius-bottom-left:0px;\" ><div class=\"fusion-builder-row fusion-row\"><div class=\"fusion-layout-column fusion_builder_column fusion-builder-column-0 fusion_builder_column_1_1 1_1 fusion-one-full fusion-column-first fusion-column-last\" style=\"--awb-bg-size:cover;--awb-margin-bottom:0px;\"><div class=\"fusion-column-wrapper fusion-flex-column-wrapper-legacy\"><div class=\"fusion-text fusion-text-1\"><p>Wir freuen uns, euch auch 2018 wieder einen Supervisionstag mit Dr. Carl Edelbauer ank\u00fcndigen zu k\u00f6nnen! Die Gruppe wird wie immer als \u201eoffene\u201c Gruppe gef\u00fchrt; das hei\u00dft, ihr k\u00f6 nnt die Information gerne weiterleiten und auch an Kolleginnen und Kollegen aus anderen Ausbildungsgruppen, etwa in Deutschland, weitergeben. Datum: Sa. 28.04.2018 10:00\u201318:00 Uhr (inkl. Mittagspause) Seminarleitung und -ort:<\/p>\n<p>Dr. Carl Edelbauer Salmgasse 10\/20 1030 Wien Teilnehmer: max. 6 Teilnehmer Kosten: \u20ac 180,\u2013 (Mitglieder \u20ac 165,\u2013)<\/p>\n<p>Anmeldung: Per Mail an Hakomi\u00d6sterreich info@hakomi-austria.at Anmeldeschlu\u00df: 09.04.2018 (Reihung nach Eintreffen der Anmeldung; eine Anmelde best\u00e4tigung bekommt ihr nach \u00dcberweisung des Kostenbeitrages und erst dann ist eure Teilnahme fixiert.) mb<\/p>\n<\/div><div class=\"fusion-clearfix\"><\/div><\/div><\/div><\/div><\/div>\n","protected":false},"excerpt":{"rendered":"","protected":false},"author":4,"featured_media":0,"comment_status":"open","ping_status":"open","sticky":false,"template":"","format":"standard","meta":[],"categories":[43],"tags":[],"yoast_head":"<!-- This site is optimized with the Yoast SEO plugin v20.3 - https:\/\/yoast.com\/wordpress\/plugins\/seo\/ -->\n<title>Supervisionstag 2018 - Hakomi-\u00d6sterreich<\/title>\n<meta name=\"robots\" content=\"index, follow, max-snippet:-1, max-image-preview:large, max-video-preview:-1\" \/>\n<link rel=\"canonical\" href=\"https:\/\/neu.hakomi-austria.at\/home\/supervisionstag-2018\/\" \/>\n<meta property=\"og:locale\" content=\"de_DE\" \/>\n<meta property=\"og:type\" content=\"article\" \/>\n<meta property=\"og:title\" content=\"Supervisionstag 2018 - Hakomi-\u00d6sterreich\" \/>\n<meta property=\"og:url\" content=\"https:\/\/neu.hakomi-austria.at\/home\/supervisionstag-2018\/\" \/>\n<meta property=\"og:site_name\" content=\"Hakomi-\u00d6sterreich\" \/>\n<meta property=\"article:publisher\" content=\"https:\/\/www.facebook.com\/profile.php?id=100078170244385\" \/>\n<meta property=\"article:published_time\" content=\"2017-11-20T15:23:00+00:00\" \/>\n<meta property=\"article:modified_time\" content=\"2019-05-21T19:34:47+00:00\" \/>\n<meta property=\"og:image\" content=\"https:\/\/neu.hakomi-austria.at\/wp-content\/uploads\/2017\/12\/HAKOMI-\u00d6sterreich-Logo-2016-RGB-150h.jpg\" \/>\n\t<meta property=\"og:image:width\" content=\"662\" \/>\n\t<meta property=\"og:image:height\" content=\"150\" \/>\n\t<meta property=\"og:image:type\" content=\"image\/jpeg\" \/>\n<meta name=\"author\" content=\"Michaela Buchbauer\" \/>\n<meta name=\"twitter:card\" content=\"summary_large_image\" \/>\n<meta name=\"twitter:label1\" content=\"Verfasst von\" \/>\n\t<meta name=\"twitter:data1\" content=\"Michaela Buchbauer\" \/>\n\t<meta name=\"twitter:label2\" content=\"Gesch\u00e4tzte Lesezeit\" \/>\n\t<meta name=\"twitter:data2\" content=\"1\u00a0Minute\" \/>\n<script type=\"application\/ld+json\" class=\"yoast-schema-graph\">{\"@context\":\"https:\/\/schema.org\",\"@graph\":[{\"@type\":\"Article\",\"@id\":\"https:\/\/neu.hakomi-austria.at\/home\/supervisionstag-2018\/#article\",\"isPartOf\":{\"@id\":\"https:\/\/neu.hakomi-austria.at\/home\/supervisionstag-2018\/\"},\"author\":{\"name\":\"Michaela Buchbauer\",\"@id\":\"https:\/\/neu.hakomi-austria.at\/home\/#\/schema\/person\/1170c9a3464c2772171f3dd5065de1a0\"},\"headline\":\"Supervisionstag 2018\",\"datePublished\":\"2017-11-20T15:23:00+00:00\",\"dateModified\":\"2019-05-21T19:34:47+00:00\",\"mainEntityOfPage\":{\"@id\":\"https:\/\/neu.hakomi-austria.at\/home\/supervisionstag-2018\/\"},\"wordCount\":254,\"commentCount\":0,\"publisher\":{\"@id\":\"https:\/\/neu.hakomi-austria.at\/home\/#organization\"},\"articleSection\":[\"F\u00fcr Mitglieder\"],\"inLanguage\":\"de\",\"potentialAction\":[{\"@type\":\"CommentAction\",\"name\":\"Comment\",\"target\":[\"https:\/\/neu.hakomi-austria.at\/home\/supervisionstag-2018\/#respond\"]}]},{\"@type\":\"WebPage\",\"@id\":\"https:\/\/neu.hakomi-austria.at\/home\/supervisionstag-2018\/\",\"url\":\"https:\/\/neu.hakomi-austria.at\/home\/supervisionstag-2018\/\",\"name\":\"Supervisionstag 2018 - Hakomi-\u00d6sterreich\",\"isPartOf\":{\"@id\":\"https:\/\/neu.hakomi-austria.at\/home\/#website\"},\"datePublished\":\"2017-11-20T15:23:00+00:00\",\"dateModified\":\"2019-05-21T19:34:47+00:00\",\"breadcrumb\":{\"@id\":\"https:\/\/neu.hakomi-austria.at\/home\/supervisionstag-2018\/#breadcrumb\"},\"inLanguage\":\"de\",\"potentialAction\":[{\"@type\":\"ReadAction\",\"target\":[\"https:\/\/neu.hakomi-austria.at\/home\/supervisionstag-2018\/\"]}]},{\"@type\":\"BreadcrumbList\",\"@id\":\"https:\/\/neu.hakomi-austria.at\/home\/supervisionstag-2018\/#breadcrumb\",\"itemListElement\":[{\"@type\":\"ListItem\",\"position\":1,\"name\":\"Startseite\",\"item\":\"https:\/\/neu.hakomi-austria.at\/home\/\"},{\"@type\":\"ListItem\",\"position\":2,\"name\":\"Supervisionstag 2018\"}]},{\"@type\":\"WebSite\",\"@id\":\"https:\/\/neu.hakomi-austria.at\/home\/#website\",\"url\":\"https:\/\/neu.hakomi-austria.at\/home\/\",\"name\":\"Hakomi \u00d6sterreich\",\"description\":\"Verein f\u00fcr k\u00f6rperorientierte Psychotherapie\",\"publisher\":{\"@id\":\"https:\/\/neu.hakomi-austria.at\/home\/#organization\"},\"alternateName\":\"\u00d6sterreich: Hakomi Therapie und Hakomi Therapeuten und Therapeutinnen\",\"potentialAction\":[{\"@type\":\"SearchAction\",\"target\":{\"@type\":\"EntryPoint\",\"urlTemplate\":\"https:\/\/neu.hakomi-austria.at\/home\/?s={search_term_string}\"},\"query-input\":\"required name=search_term_string\"}],\"inLanguage\":\"de\"},{\"@type\":\"Organization\",\"@id\":\"https:\/\/neu.hakomi-austria.at\/home\/#organization\",\"name\":\"Hakomi \u00d6sterreich \u2013 Verein f\u00fcr k\u00f6rperorientierte Psychotherapie\",\"url\":\"https:\/\/neu.hakomi-austria.at\/home\/\",\"logo\":{\"@type\":\"ImageObject\",\"inLanguage\":\"de\",\"@id\":\"https:\/\/neu.hakomi-austria.at\/home\/#\/schema\/logo\/image\/\",\"url\":\"https:\/\/neu.hakomi-austria.at\/wp-content\/uploads\/2017\/12\/HAKOMI-\u00d6sterreich-Logo-2016-RGB-150h.jpg\",\"contentUrl\":\"https:\/\/neu.hakomi-austria.at\/wp-content\/uploads\/2017\/12\/HAKOMI-\u00d6sterreich-Logo-2016-RGB-150h.jpg\",\"width\":662,\"height\":150,\"caption\":\"Hakomi \u00d6sterreich \u2013 Verein f\u00fcr k\u00f6rperorientierte Psychotherapie\"},\"image\":{\"@id\":\"https:\/\/neu.hakomi-austria.at\/home\/#\/schema\/logo\/image\/\"},\"sameAs\":[\"https:\/\/www.facebook.com\/profile.php?id=100078170244385\",\"https:\/\/www.instagram.com\/hakomi_austria\/\"]},{\"@type\":\"Person\",\"@id\":\"https:\/\/neu.hakomi-austria.at\/home\/#\/schema\/person\/1170c9a3464c2772171f3dd5065de1a0\",\"name\":\"Michaela Buchbauer\",\"image\":{\"@type\":\"ImageObject\",\"inLanguage\":\"de\",\"@id\":\"https:\/\/neu.hakomi-austria.at\/home\/#\/schema\/person\/image\/\",\"url\":\"https:\/\/secure.gravatar.com\/avatar\/6c0d81a40298ebb57894aabe96da9212?s=96&d=mm&r=g\",\"contentUrl\":\"https:\/\/secure.gravatar.com\/avatar\/6c0d81a40298ebb57894aabe96da9212?s=96&d=mm&r=g\",\"caption\":\"Michaela Buchbauer\"},\"url\":\"https:\/\/neu.hakomi-austria.at\/home\/author\/michaela_buchbauer\/\"}]}<\/script>\n<!-- \/ Yoast SEO plugin. -->","yoast_head_json":{"title":"Supervisionstag 2018 - Hakomi-\u00d6sterreich","robots":{"index":"index","follow":"follow","max-snippet":"max-snippet:-1","max-image-preview":"max-image-preview:large","max-video-preview":"max-video-preview:-1"},"canonical":"https:\/\/neu.hakomi-austria.at\/home\/supervisionstag-2018\/","og_locale":"de_DE","og_type":"article","og_title":"Supervisionstag 2018 - Hakomi-\u00d6sterreich","og_url":"https:\/\/neu.hakomi-austria.at\/home\/supervisionstag-2018\/","og_site_name":"Hakomi-\u00d6sterreich","article_publisher":"https:\/\/www.facebook.com\/profile.php?id=100078170244385","article_published_time":"2017-11-20T15:23:00+00:00","article_modified_time":"2019-05-21T19:34:47+00:00","og_image":[{"width":662,"height":150,"url":"https:\/\/neu.hakomi-austria.at\/wp-content\/uploads\/2017\/12\/HAKOMI-\u00d6sterreich-Logo-2016-RGB-150h.jpg","type":"image\/jpeg"}],"author":"Michaela Buchbauer","twitter_card":"summary_large_image","twitter_misc":{"Verfasst von":"Michaela Buchbauer","Gesch\u00e4tzte Lesezeit":"1\u00a0Minute"},"schema":{"@context":"https:\/\/schema.org","@graph":[{"@type":"Article","@id":"https:\/\/neu.hakomi-austria.at\/home\/supervisionstag-2018\/#article","isPartOf":{"@id":"https:\/\/neu.hakomi-austria.at\/home\/supervisionstag-2018\/"},"author":{"name":"Michaela Buchbauer","@id":"https:\/\/neu.hakomi-austria.at\/home\/#\/schema\/person\/1170c9a3464c2772171f3dd5065de1a0"},"headline":"Supervisionstag 2018","datePublished":"2017-11-20T15:23:00+00:00","dateModified":"2019-05-21T19:34:47+00:00","mainEntityOfPage":{"@id":"https:\/\/neu.hakomi-austria.at\/home\/supervisionstag-2018\/"},"wordCount":254,"commentCount":0,"publisher":{"@id":"https:\/\/neu.hakomi-austria.at\/home\/#organization"},"articleSection":["F\u00fcr Mitglieder"],"inLanguage":"de","potentialAction":[{"@type":"CommentAction","name":"Comment","target":["https:\/\/neu.hakomi-austria.at\/home\/supervisionstag-2018\/#respond"]}]},{"@type":"WebPage","@id":"https:\/\/neu.hakomi-austria.at\/home\/supervisionstag-2018\/","url":"https:\/\/neu.hakomi-austria.at\/home\/supervisionstag-2018\/","name":"Supervisionstag 2018 - Hakomi-\u00d6sterreich","isPartOf":{"@id":"https:\/\/neu.hakomi-austria.at\/home\/#website"},"datePublished":"2017-11-20T15:23:00+00:00","dateModified":"2019-05-21T19:34:47+00:00","breadcrumb":{"@id":"https:\/\/neu.hakomi-austria.at\/home\/supervisionstag-2018\/#breadcrumb"},"inLanguage":"de","potentialAction":[{"@type":"ReadAction","target":["https:\/\/neu.hakomi-austria.at\/home\/supervisionstag-2018\/"]}]},{"@type":"BreadcrumbList","@id":"https:\/\/neu.hakomi-austria.at\/home\/supervisionstag-2018\/#breadcrumb","itemListElement":[{"@type":"ListItem","position":1,"name":"Startseite","item":"https:\/\/neu.hakomi-austria.at\/home\/"},{"@type":"ListItem","position":2,"name":"Supervisionstag 2018"}]},{"@type":"WebSite","@id":"https:\/\/neu.hakomi-austria.at\/home\/#website","url":"https:\/\/neu.hakomi-austria.at\/home\/","name":"Hakomi \u00d6sterreich","description":"Verein f\u00fcr k\u00f6rperorientierte Psychotherapie","publisher":{"@id":"https:\/\/neu.hakomi-austria.at\/home\/#organization"},"alternateName":"\u00d6sterreich: Hakomi Therapie und Hakomi Therapeuten und Therapeutinnen","potentialAction":[{"@type":"SearchAction","target":{"@type":"EntryPoint","urlTemplate":"https:\/\/neu.hakomi-austria.at\/home\/?s={search_term_string}"},"query-input":"required name=search_term_string"}],"inLanguage":"de"},{"@type":"Organization","@id":"https:\/\/neu.hakomi-austria.at\/home\/#organization","name":"Hakomi \u00d6sterreich \u2013 Verein f\u00fcr k\u00f6rperorientierte Psychotherapie","url":"https:\/\/neu.hakomi-austria.at\/home\/","logo":{"@type":"ImageObject","inLanguage":"de","@id":"https:\/\/neu.hakomi-austria.at\/home\/#\/schema\/logo\/image\/","url":"https:\/\/neu.hakomi-austria.at\/wp-content\/uploads\/2017\/12\/HAKOMI-\u00d6sterreich-Logo-2016-RGB-150h.jpg","contentUrl":"https:\/\/neu.hakomi-austria.at\/wp-content\/uploads\/2017\/12\/HAKOMI-\u00d6sterreich-Logo-2016-RGB-150h.jpg","width":662,"height":150,"caption":"Hakomi \u00d6sterreich \u2013 Verein f\u00fcr k\u00f6rperorientierte Psychotherapie"},"image":{"@id":"https:\/\/neu.hakomi-austria.at\/home\/#\/schema\/logo\/image\/"},"sameAs":["https:\/\/www.facebook.com\/profile.php?id=100078170244385","https:\/\/www.instagram.com\/hakomi_austria\/"]},{"@type":"Person","@id":"https:\/\/neu.hakomi-austria.at\/home\/#\/schema\/person\/1170c9a3464c2772171f3dd5065de1a0","name":"Michaela Buchbauer","image":{"@type":"ImageObject","inLanguage":"de","@id":"https:\/\/neu.hakomi-austria.at\/home\/#\/schema\/person\/image\/","url":"https:\/\/secure.gravatar.com\/avatar\/6c0d81a40298ebb57894aabe96da9212?s=96&d=mm&r=g","contentUrl":"https:\/\/secure.gravatar.com\/avatar\/6c0d81a40298ebb57894aabe96da9212?s=96&d=mm&r=g","caption":"Michaela Buchbauer"},"url":"https:\/\/neu.hakomi-austria.at\/home\/author\/michaela_buchbauer\/"}]}},"_links":{"self":[{"href":"https:\/\/neu.hakomi-austria.at\/home\/wp-json\/wp\/v2\/posts\/495"}],"collection":[{"href":"https:\/\/neu.hakomi-austria.at\/home\/wp-json\/wp\/v2\/posts"}],"about":[{"href":"https:\/\/neu.hakomi-austria.at\/home\/wp-json\/wp\/v2\/types\/post"}],"author":[{"embeddable":true,"href":"https:\/\/neu.hakomi-austria.at\/home\/wp-json\/wp\/v2\/users\/4"}],"replies":[{"embeddable":true,"href":"https:\/\/neu.hakomi-austria.at\/home\/wp-json\/wp\/v2\/comments?post=495"}],"version-history":[{"count":1,"href":"https:\/\/neu.hakomi-austria.at\/home\/wp-json\/wp\/v2\/posts\/495\/revisions"}],"predecessor-version":[{"id":496,"href":"https:\/\/neu.hakomi-austria.at\/home\/wp-json\/wp\/v2\/posts\/495\/revisions\/496"}],"wp:attachment":[{"href":"https:\/\/neu.hakomi-austria.at\/home\/wp-json\/wp\/v2\/media?parent=495"}],"wp:term":[{"taxonomy":"category","embeddable":true,"href":"https:\/\/neu.hakomi-austria.at\/home\/wp-json\/wp\/v2\/categories?post=495"},{"taxonomy":"post_tag","embeddable":true,"href":"https:\/\/neu.hakomi-austria.at\/home\/wp-json\/wp\/v2\/tags?post=495"}],"curies":[{"name":"wp","href":"https:\/\/api.w.org\/{rel}","templated":true}]}}